{"id":2791,"date":"2025-12-17T12:37:36","date_gmt":"2025-12-17T12:37:36","guid":{"rendered":"https:\/\/themagic.hu\/?p=2791"},"modified":"2025-12-17T12:44:52","modified_gmt":"2025-12-17T12:44:52","slug":"a-kave-vilagnapja-te-tudod-mikor-van","status":"publish","type":"post","link":"https:\/\/themagic.hu\/en\/blog\/a-kave-vilagnapja-te-tudod-mikor-van\/","title":{"rendered":"World Coffee Day - do you know when it is?"},"content":{"rendered":"<div data-elementor-type=\"wp-post\" data-elementor-id=\"2791\" class=\"elementor elementor-2791\">\n\t\t\t\t<div class=\"elementor-element elementor-element-6f23685 e-flex e-con-boxed e-con e-parent\" data-id=\"6f23685\" data-element_type=\"container\" data-e-type=\"container\">\n\t\t\t\t\t<div class=\"e-con-inner\">\n\t\t\t\t<div class=\"elementor-element elementor-element-62f6f3e elementor-widget elementor-widget-text-editor\" data-id=\"62f6f3e\" data-element_type=\"widget\" data-e-type=\"widget\" data-widget_type=\"text-editor.default\">\n\t\t\t\t<div class=\"elementor-widget-container\">\n\t\t\t\t\t\t\t\t\tWhether it's a simple espresso, cappuccino or latte, coffee is a staple of fantasy, and we're sure fans of the book series will love this special black beverage in some form or another. It's no wonder, coffee is one of the world's most popular drinks, with a crazy fan base in every country.\t\t\t\t\t\t\t\t<\/div>\n\t\t\t\t<\/div>\n\t\t\t\t\t<\/div>\n\t\t\t\t<\/div>\n\t\t<div class=\"elementor-element elementor-element-c2a2d72 e-flex e-con-boxed e-con e-parent\" data-id=\"c2a2d72\" data-element_type=\"container\" data-e-type=\"container\">\n\t\t\t\t\t<div class=\"e-con-inner\">\n\t\t\t\t<div class=\"elementor-element elementor-element-eb00b01 elementor-widget elementor-widget-heading\" data-id=\"eb00b01\" data-element_type=\"widget\" data-e-type=\"widget\" data-widget_type=\"heading.default\">\n\t\t\t\t<div class=\"elementor-widget-container\">\n\t\t\t\t\t<h2 class=\"elementor-heading-title elementor-size-default\">Is there anything better than coffee? Of course, the magic of coffee!<\/h2>\t\t\t\t<\/div>\n\t\t\t\t<\/div>\n\t\t\t\t\t<\/div>\n\t\t\t\t<\/div>\n\t\t<div class=\"elementor-element elementor-element-ae03017 e-flex e-con-boxed e-con e-parent\" data-id=\"ae03017\" data-element_type=\"container\" data-e-type=\"container\">\n\t\t\t\t\t<div class=\"e-con-inner\">\n\t\t\t\t<div class=\"elementor-element elementor-element-d72a0fb elementor-widget elementor-widget-text-editor\" data-id=\"d72a0fb\" data-element_type=\"widget\" data-e-type=\"widget\" data-widget_type=\"text-editor.default\">\n\t\t\t\t<div class=\"elementor-widget-container\">\n\t\t\t\t\t\t\t\t\t<p>Some people like to have their daily coffee right at breakfast, in the morning or even in the afternoon, and of course there are those who consume up to three or four servings a day. Coffee is a great way to meet friends, it gives you the energy boost you need to start the day, and of course it helps you get on with your work, so it's only fair to ask: is drinking coffee really the best thing in the world?<\/p><p>Probably yes, at least it is one of the best things in the world, which of course also means that it should not be overdone. Coffee is easy to get used to, which can reduce the potency of the caffeine after a while, and of course the enjoyment value of the drink. That's why we believe that coffee should be a celebration, the highlight of the day, something special that makes a gathering with family or friends better.<\/p>\t\t\t\t\t\t\t\t<\/div>\n\t\t\t\t<\/div>\n\t\t\t\t\t<\/div>\n\t\t\t\t<\/div>\n\t\t<div class=\"elementor-element elementor-element-bffb461 e-flex e-con-boxed e-con e-parent\" data-id=\"bffb461\" data-element_type=\"container\" data-e-type=\"container\">\n\t\t\t\t\t<div class=\"e-con-inner\">\n\t\t\t\t<div class=\"elementor-element elementor-element-6c89bda elementor-widget elementor-widget-heading\" data-id=\"6c89bda\" data-element_type=\"widget\" data-e-type=\"widget\" data-widget_type=\"heading.default\">\n\t\t\t\t<div class=\"elementor-widget-container\">\n\t\t\t\t\t<h2 class=\"elementor-heading-title elementor-size-default\">Celebrate World Coffee Day in our magic caf\u00e9!<\/h2>\t\t\t\t<\/div>\n\t\t\t\t<\/div>\n\t\t\t\t\t<\/div>\n\t\t\t\t<\/div>\n\t\t<div class=\"elementor-element elementor-element-c735d3c e-flex e-con-boxed e-con e-parent\" data-id=\"c735d3c\" data-element_type=\"container\" data-e-type=\"container\">\n\t\t\t\t\t<div class=\"e-con-inner\">\n\t\t\t\t<div class=\"elementor-element elementor-element-4618b71 elementor-widget elementor-widget-text-editor\" data-id=\"4618b71\" data-element_type=\"widget\" data-e-type=\"widget\" data-widget_type=\"text-editor.default\">\n\t\t\t\t<div class=\"elementor-widget-container\">\n\t\t\t\t\t\t\t\t\t<p>For true coffee lovers, every day is a coffee day, but it's good to know that, like so many things, coffee has a World Coffee Day. The date set by the International Coffee Association is 1 October, although some countries celebrate it on other days, such as Hungary on 29 September.<\/p><p>But what happens on this day that doesn't happen on other days? World Coffee Day helps to raise awareness of the challenges of growing coffee and the difficulties caused by climate change, but also helps consumers to learn about the latest types or even new brewing techniques they have not yet encountered.<\/p><p>And what are you doing on this special day? Try something special - don't just whip up your daily dose, give it a go and come along <a href=\"\/en\/\">to our magic caf\u00e9<\/a> for some magical special!<\/p>\t\t\t\t\t\t\t\t<\/div>\n\t\t\t\t<\/div>\n\t\t\t\t\t<\/div>\n\t\t\t\t<\/div>\n\t\t\t\t<\/div>","protected":false},"excerpt":{"rendered":"<p>Egyszer\u0171 espresso, cappuccino vagy latte \u2013 a k\u00e1v\u00e9 m\u00e9g a fantasyk vil\u00e1g\u00e1b\u00f3l sem hi\u00e1nyozhat, \u00e9s biztosak vagyunk benne, hogy a k\u00f6nyvsorozat rajong\u00f3i is im\u00e1dj\u00e1k ezt a k\u00fcl\u00f6nleges, fekete ned\u0171t valamilyen form\u00e1ban. Nem is csoda, a k\u00e1v\u00e9 a vil\u00e1g egyik legn\u00e9pszer\u0171bb itala, amelynek minden orsz\u00e1gban \u0151r\u00fclt nagy rajong\u00f3t\u00e1bora van. Van egy\u00e1ltal\u00e1n jobb a k\u00e1v\u00e9z\u00e1sn\u00e1l? Persze, a [&hellip;]<\/p>\n","protected":false},"author":1,"featured_media":2792,"comment_status":"closed","ping_status":"closed","sticky":false,"template":"","format":"standard","meta":{"site-sidebar-layout":"default","site-content-layout":"","ast-site-content-layout":"default","site-content-style":"default","site-sidebar-style":"default","ast-global-header-display":"","ast-banner-title-visibility":"","ast-main-header-display":"","ast-hfb-above-header-display":"","ast-hfb-below-header-display":"","ast-hfb-mobile-header-display":"","site-post-title":"","ast-breadcrumbs-content":"","ast-featured-img":"","footer-sml-layout":"","ast-disable-related-posts":"","theme-transparent-header-meta":"","adv-header-id-meta":"","stick-header-meta":"","header-above-stick-meta":"","header-main-stick-meta":"","header-below-stick-meta":"","astra-migrate-meta-layouts":"set","ast-page-background-enabled":"default","ast-page-background-meta":{"desktop":{"background-color":"","background-image":"","background-repeat":"repeat","background-position":"center center","background-size":"auto","background-attachment":"scroll","background-type":"","background-media":"","overlay-type":"","overlay-color":"","overlay-opacity":"","overlay-gradient":""},"tablet":{"background-color":"","background-image":"","background-repeat":"repeat","background-position":"center center","background-size":"auto","background-attachment":"scroll","background-type":"","background-media":"","overlay-type":"","overlay-color":"","overlay-opacity":"","overlay-gradient":""},"mobile":{"background-color":"","background-image":"","background-repeat":"repeat","background-position":"center center","background-size":"auto","background-attachment":"scroll","background-type":"","background-media":"","overlay-type":"","overlay-color":"","overlay-opacity":"","overlay-gradient":""}},"ast-content-background-meta":{"desktop":{"background-color":"var(--ast-global-color-5)","background-image":"","background-repeat":"repeat","background-position":"center center","background-size":"auto","background-attachment":"scroll","background-type":"","background-media":"","overlay-type":"","overlay-color":"","overlay-opacity":"","overlay-gradient":""},"tablet":{"background-color":"var(--ast-global-color-5)","background-image":"","background-repeat":"repeat","background-position":"center center","background-size":"auto","background-attachment":"scroll","background-type":"","background-media":"","overlay-type":"","overlay-color":"","overlay-opacity":"","overlay-gradient":""},"mobile":{"background-color":"var(--ast-global-color-5)","background-image":"","background-repeat":"repeat","background-position":"center center","background-size":"auto","background-attachment":"scroll","background-type":"","background-media":"","overlay-type":"","overlay-color":"","overlay-opacity":"","overlay-gradient":""}},"footnotes":""},"categories":[20],"tags":[],"class_list":["post-2791","post","type-post","status-publish","format-standard","has-post-thumbnail","hentry","category-blog"],"yoast_head":"<!-- This site is optimized with the Yoast SEO plugin v27.2 - https:\/\/yoast.com\/product\/yoast-seo-wordpress\/ -->\n<title>A k\u00e1v\u00e9 vil\u00e1gnapja \u2013 te tudod, mikor van? - Themagic<\/title>\n<meta name=\"robots\" content=\"index, follow, max-snippet:-1, max-image-preview:large, max-video-preview:-1\" \/>\n<link rel=\"canonical\" href=\"https:\/\/themagic.hu\/en\/blog\/a-kave-vilagnapja-te-tudod-mikor-van\/\" \/>\n<meta property=\"og:locale\" content=\"en_GB\" \/>\n<meta property=\"og:type\" content=\"article\" \/>\n<meta property=\"og:title\" content=\"A k\u00e1v\u00e9 vil\u00e1gnapja \u2013 te tudod, mikor van? - Themagic\" \/>\n<meta property=\"og:description\" content=\"Egyszer\u0171 espresso, cappuccino vagy latte \u2013 a k\u00e1v\u00e9 m\u00e9g a fantasyk vil\u00e1g\u00e1b\u00f3l sem hi\u00e1nyozhat, \u00e9s biztosak vagyunk benne, hogy a k\u00f6nyvsorozat rajong\u00f3i is im\u00e1dj\u00e1k ezt a k\u00fcl\u00f6nleges, fekete ned\u0171t valamilyen form\u00e1ban. Nem is csoda, a k\u00e1v\u00e9 a vil\u00e1g egyik legn\u00e9pszer\u0171bb itala, amelynek minden orsz\u00e1gban \u0151r\u00fclt nagy rajong\u00f3t\u00e1bora van. Van egy\u00e1ltal\u00e1n jobb a k\u00e1v\u00e9z\u00e1sn\u00e1l? Persze, a [&hellip;]\" \/>\n<meta property=\"og:url\" content=\"https:\/\/themagic.hu\/en\/blog\/a-kave-vilagnapja-te-tudod-mikor-van\/\" \/>\n<meta property=\"og:site_name\" content=\"Themagic\" \/>\n<meta property=\"article:published_time\" content=\"2025-12-17T12:37:36+00:00\" \/>\n<meta property=\"article:modified_time\" content=\"2025-12-17T12:44:52+00:00\" \/>\n<meta property=\"og:image\" content=\"https:\/\/themagic.hu\/wp-content\/uploads\/2025\/12\/a-kave-vilagnapja.jpg\" \/>\n\t<meta property=\"og:image:width\" content=\"1200\" \/>\n\t<meta property=\"og:image:height\" content=\"799\" \/>\n\t<meta property=\"og:image:type\" content=\"image\/jpeg\" \/>\n<meta name=\"author\" content=\"admin\" \/>\n<meta name=\"twitter:card\" content=\"summary_large_image\" \/>\n<meta name=\"twitter:label1\" content=\"Written by\" \/>\n\t<meta name=\"twitter:data1\" content=\"admin\" \/>\n\t<meta name=\"twitter:label2\" content=\"Est. reading time\" \/>\n\t<meta name=\"twitter:data2\" content=\"2 minutes\" \/>\n<script type=\"application\/ld+json\" class=\"yoast-schema-graph\">{\"@context\":\"https:\/\/schema.org\",\"@graph\":[{\"@type\":\"Article\",\"@id\":\"https:\/\/themagic.hu\/blog\/a-kave-vilagnapja-te-tudod-mikor-van\/#article\",\"isPartOf\":{\"@id\":\"https:\/\/themagic.hu\/blog\/a-kave-vilagnapja-te-tudod-mikor-van\/\"},\"author\":{\"name\":\"admin\",\"@id\":\"https:\/\/themagic.hu\/en\/#\/schema\/person\/c8462d5f83f68cd92425efad3fe68022\"},\"headline\":\"A k\u00e1v\u00e9 vil\u00e1gnapja \u2013 te tudod, mikor van?\",\"datePublished\":\"2025-12-17T12:37:36+00:00\",\"dateModified\":\"2025-12-17T12:44:52+00:00\",\"mainEntityOfPage\":{\"@id\":\"https:\/\/themagic.hu\/blog\/a-kave-vilagnapja-te-tudod-mikor-van\/\"},\"wordCount\":485,\"publisher\":{\"@id\":\"https:\/\/themagic.hu\/en\/#organization\"},\"image\":{\"@id\":\"https:\/\/themagic.hu\/blog\/a-kave-vilagnapja-te-tudod-mikor-van\/#primaryimage\"},\"thumbnailUrl\":\"https:\/\/themagic.hu\/wp-content\/uploads\/2025\/12\/a-kave-vilagnapja.jpg\",\"articleSection\":[\"blog\"],\"inLanguage\":\"en-GB\"},{\"@type\":\"WebPage\",\"@id\":\"https:\/\/themagic.hu\/blog\/a-kave-vilagnapja-te-tudod-mikor-van\/\",\"url\":\"https:\/\/themagic.hu\/blog\/a-kave-vilagnapja-te-tudod-mikor-van\/\",\"name\":\"A k\u00e1v\u00e9 vil\u00e1gnapja \u2013 te tudod, mikor van? - Themagic\",\"isPartOf\":{\"@id\":\"https:\/\/themagic.hu\/en\/#website\"},\"primaryImageOfPage\":{\"@id\":\"https:\/\/themagic.hu\/blog\/a-kave-vilagnapja-te-tudod-mikor-van\/#primaryimage\"},\"image\":{\"@id\":\"https:\/\/themagic.hu\/blog\/a-kave-vilagnapja-te-tudod-mikor-van\/#primaryimage\"},\"thumbnailUrl\":\"https:\/\/themagic.hu\/wp-content\/uploads\/2025\/12\/a-kave-vilagnapja.jpg\",\"datePublished\":\"2025-12-17T12:37:36+00:00\",\"dateModified\":\"2025-12-17T12:44:52+00:00\",\"breadcrumb\":{\"@id\":\"https:\/\/themagic.hu\/blog\/a-kave-vilagnapja-te-tudod-mikor-van\/#breadcrumb\"},\"inLanguage\":\"en-GB\",\"potentialAction\":[{\"@type\":\"ReadAction\",\"target\":[\"https:\/\/themagic.hu\/blog\/a-kave-vilagnapja-te-tudod-mikor-van\/\"]}]},{\"@type\":\"ImageObject\",\"inLanguage\":\"en-GB\",\"@id\":\"https:\/\/themagic.hu\/blog\/a-kave-vilagnapja-te-tudod-mikor-van\/#primaryimage\",\"url\":\"https:\/\/themagic.hu\/wp-content\/uploads\/2025\/12\/a-kave-vilagnapja.jpg\",\"contentUrl\":\"https:\/\/themagic.hu\/wp-content\/uploads\/2025\/12\/a-kave-vilagnapja.jpg\",\"width\":1200,\"height\":799,\"caption\":\"A k\u00e1v\u00e9 vil\u00e1gnapja \u2013 te tudod, mikor van?\"},{\"@type\":\"BreadcrumbList\",\"@id\":\"https:\/\/themagic.hu\/blog\/a-kave-vilagnapja-te-tudod-mikor-van\/#breadcrumb\",\"itemListElement\":[{\"@type\":\"ListItem\",\"position\":1,\"name\":\"Kezd\u0151lap\",\"item\":\"https:\/\/themagic.hu\/\"},{\"@type\":\"ListItem\",\"position\":2,\"name\":\"A k\u00e1v\u00e9 vil\u00e1gnapja \u2013 te tudod, mikor van?\"}]},{\"@type\":\"WebSite\",\"@id\":\"https:\/\/themagic.hu\/en\/#website\",\"url\":\"https:\/\/themagic.hu\/en\/\",\"name\":\"Themagic\",\"description\":\"\",\"publisher\":{\"@id\":\"https:\/\/themagic.hu\/en\/#organization\"},\"potentialAction\":[{\"@type\":\"SearchAction\",\"target\":{\"@type\":\"EntryPoint\",\"urlTemplate\":\"https:\/\/themagic.hu\/en\/?s={search_term_string}\"},\"query-input\":{\"@type\":\"PropertyValueSpecification\",\"valueRequired\":true,\"valueName\":\"search_term_string\"}}],\"inLanguage\":\"en-GB\"},{\"@type\":\"Organization\",\"@id\":\"https:\/\/themagic.hu\/en\/#organization\",\"name\":\"Themagic\",\"url\":\"https:\/\/themagic.hu\/en\/\",\"logo\":{\"@type\":\"ImageObject\",\"inLanguage\":\"en-GB\",\"@id\":\"https:\/\/themagic.hu\/en\/#\/schema\/logo\/image\/\",\"url\":\"https:\/\/themagic.hu\/wp-content\/uploads\/2025\/12\/cropped-themagic_600x60.png\",\"contentUrl\":\"https:\/\/themagic.hu\/wp-content\/uploads\/2025\/12\/cropped-themagic_600x60.png\",\"width\":600,\"height\":60,\"caption\":\"Themagic\"},\"image\":{\"@id\":\"https:\/\/themagic.hu\/en\/#\/schema\/logo\/image\/\"}},{\"@type\":\"Person\",\"@id\":\"https:\/\/themagic.hu\/en\/#\/schema\/person\/c8462d5f83f68cd92425efad3fe68022\",\"name\":\"admin\",\"image\":{\"@type\":\"ImageObject\",\"inLanguage\":\"en-GB\",\"@id\":\"https:\/\/secure.gravatar.com\/avatar\/e1d8b3d3089310f2853153de08f67f91601ce57edf0430216dc10e878b941b2d?s=96&d=mm&r=g\",\"url\":\"https:\/\/secure.gravatar.com\/avatar\/e1d8b3d3089310f2853153de08f67f91601ce57edf0430216dc10e878b941b2d?s=96&d=mm&r=g\",\"contentUrl\":\"https:\/\/secure.gravatar.com\/avatar\/e1d8b3d3089310f2853153de08f67f91601ce57edf0430216dc10e878b941b2d?s=96&d=mm&r=g\",\"caption\":\"admin\"},\"sameAs\":[\"https:\/\/themagic.hu\"],\"url\":\"https:\/\/themagic.hu\/en\/blog\/author\/admin\/\"}]}<\/script>\n<!-- \/ Yoast SEO plugin. -->","yoast_head_json":{"title":"International Coffee Day \u2013 do you know when it is? - Themagic","robots":{"index":"index","follow":"follow","max-snippet":"max-snippet:-1","max-image-preview":"max-image-preview:large","max-video-preview":"max-video-preview:-1"},"canonical":"https:\/\/themagic.hu\/en\/blog\/a-kave-vilagnapja-te-tudod-mikor-van\/","og_locale":"en_GB","og_type":"article","og_title":"A k\u00e1v\u00e9 vil\u00e1gnapja \u2013 te tudod, mikor van? - Themagic","og_description":"Egyszer\u0171 espresso, cappuccino vagy latte \u2013 a k\u00e1v\u00e9 m\u00e9g a fantasyk vil\u00e1g\u00e1b\u00f3l sem hi\u00e1nyozhat, \u00e9s biztosak vagyunk benne, hogy a k\u00f6nyvsorozat rajong\u00f3i is im\u00e1dj\u00e1k ezt a k\u00fcl\u00f6nleges, fekete ned\u0171t valamilyen form\u00e1ban. Nem is csoda, a k\u00e1v\u00e9 a vil\u00e1g egyik legn\u00e9pszer\u0171bb itala, amelynek minden orsz\u00e1gban \u0151r\u00fclt nagy rajong\u00f3t\u00e1bora van. Van egy\u00e1ltal\u00e1n jobb a k\u00e1v\u00e9z\u00e1sn\u00e1l? Persze, a [&hellip;]","og_url":"https:\/\/themagic.hu\/en\/blog\/a-kave-vilagnapja-te-tudod-mikor-van\/","og_site_name":"Themagic","article_published_time":"2025-12-17T12:37:36+00:00","article_modified_time":"2025-12-17T12:44:52+00:00","og_image":[{"width":1200,"height":799,"url":"https:\/\/themagic.hu\/wp-content\/uploads\/2025\/12\/a-kave-vilagnapja.jpg","type":"image\/jpeg"}],"author":"admin","twitter_card":"summary_large_image","twitter_misc":{"Written by":"admin","Est. reading time":"2 minutes"},"schema":{"@context":"https:\/\/schema.org","@graph":[{"@type":"Article","@id":"https:\/\/themagic.hu\/blog\/a-kave-vilagnapja-te-tudod-mikor-van\/#article","isPartOf":{"@id":"https:\/\/themagic.hu\/blog\/a-kave-vilagnapja-te-tudod-mikor-van\/"},"author":{"name":"admin","@id":"https:\/\/themagic.hu\/en\/#\/schema\/person\/c8462d5f83f68cd92425efad3fe68022"},"headline":"A k\u00e1v\u00e9 vil\u00e1gnapja \u2013 te tudod, mikor van?","datePublished":"2025-12-17T12:37:36+00:00","dateModified":"2025-12-17T12:44:52+00:00","mainEntityOfPage":{"@id":"https:\/\/themagic.hu\/blog\/a-kave-vilagnapja-te-tudod-mikor-van\/"},"wordCount":485,"publisher":{"@id":"https:\/\/themagic.hu\/en\/#organization"},"image":{"@id":"https:\/\/themagic.hu\/blog\/a-kave-vilagnapja-te-tudod-mikor-van\/#primaryimage"},"thumbnailUrl":"https:\/\/themagic.hu\/wp-content\/uploads\/2025\/12\/a-kave-vilagnapja.jpg","articleSection":["blog"],"inLanguage":"en-GB"},{"@type":"WebPage","@id":"https:\/\/themagic.hu\/blog\/a-kave-vilagnapja-te-tudod-mikor-van\/","url":"https:\/\/themagic.hu\/blog\/a-kave-vilagnapja-te-tudod-mikor-van\/","name":"International Coffee Day \u2013 do you know when it is? - Themagic","isPartOf":{"@id":"https:\/\/themagic.hu\/en\/#website"},"primaryImageOfPage":{"@id":"https:\/\/themagic.hu\/blog\/a-kave-vilagnapja-te-tudod-mikor-van\/#primaryimage"},"image":{"@id":"https:\/\/themagic.hu\/blog\/a-kave-vilagnapja-te-tudod-mikor-van\/#primaryimage"},"thumbnailUrl":"https:\/\/themagic.hu\/wp-content\/uploads\/2025\/12\/a-kave-vilagnapja.jpg","datePublished":"2025-12-17T12:37:36+00:00","dateModified":"2025-12-17T12:44:52+00:00","breadcrumb":{"@id":"https:\/\/themagic.hu\/blog\/a-kave-vilagnapja-te-tudod-mikor-van\/#breadcrumb"},"inLanguage":"en-GB","potentialAction":[{"@type":"ReadAction","target":["https:\/\/themagic.hu\/blog\/a-kave-vilagnapja-te-tudod-mikor-van\/"]}]},{"@type":"ImageObject","inLanguage":"en-GB","@id":"https:\/\/themagic.hu\/blog\/a-kave-vilagnapja-te-tudod-mikor-van\/#primaryimage","url":"https:\/\/themagic.hu\/wp-content\/uploads\/2025\/12\/a-kave-vilagnapja.jpg","contentUrl":"https:\/\/themagic.hu\/wp-content\/uploads\/2025\/12\/a-kave-vilagnapja.jpg","width":1200,"height":799,"caption":"A k\u00e1v\u00e9 vil\u00e1gnapja \u2013 te tudod, mikor van?"},{"@type":"BreadcrumbList","@id":"https:\/\/themagic.hu\/blog\/a-kave-vilagnapja-te-tudod-mikor-van\/#breadcrumb","itemListElement":[{"@type":"ListItem","position":1,"name":"Kezd\u0151lap","item":"https:\/\/themagic.hu\/"},{"@type":"ListItem","position":2,"name":"A k\u00e1v\u00e9 vil\u00e1gnapja \u2013 te tudod, mikor van?"}]},{"@type":"WebSite","@id":"https:\/\/themagic.hu\/en\/#website","url":"https:\/\/themagic.hu\/en\/","name":"Themagic","description":"","publisher":{"@id":"https:\/\/themagic.hu\/en\/#organization"},"potentialAction":[{"@type":"SearchAction","target":{"@type":"EntryPoint","urlTemplate":"https:\/\/themagic.hu\/en\/?s={search_term_string}"},"query-input":{"@type":"PropertyValueSpecification","valueRequired":true,"valueName":"search_term_string"}}],"inLanguage":"en-GB"},{"@type":"Organization","@id":"https:\/\/themagic.hu\/en\/#organization","name":"Themagic","url":"https:\/\/themagic.hu\/en\/","logo":{"@type":"ImageObject","inLanguage":"en-GB","@id":"https:\/\/themagic.hu\/en\/#\/schema\/logo\/image\/","url":"https:\/\/themagic.hu\/wp-content\/uploads\/2025\/12\/cropped-themagic_600x60.png","contentUrl":"https:\/\/themagic.hu\/wp-content\/uploads\/2025\/12\/cropped-themagic_600x60.png","width":600,"height":60,"caption":"Themagic"},"image":{"@id":"https:\/\/themagic.hu\/en\/#\/schema\/logo\/image\/"}},{"@type":"Person","@id":"https:\/\/themagic.hu\/en\/#\/schema\/person\/c8462d5f83f68cd92425efad3fe68022","name":"admin","image":{"@type":"ImageObject","inLanguage":"en-GB","@id":"https:\/\/secure.gravatar.com\/avatar\/e1d8b3d3089310f2853153de08f67f91601ce57edf0430216dc10e878b941b2d?s=96&d=mm&r=g","url":"https:\/\/secure.gravatar.com\/avatar\/e1d8b3d3089310f2853153de08f67f91601ce57edf0430216dc10e878b941b2d?s=96&d=mm&r=g","contentUrl":"https:\/\/secure.gravatar.com\/avatar\/e1d8b3d3089310f2853153de08f67f91601ce57edf0430216dc10e878b941b2d?s=96&d=mm&r=g","caption":"admin"},"sameAs":["https:\/\/themagic.hu"],"url":"https:\/\/themagic.hu\/en\/blog\/author\/admin\/"}]}},"_links":{"self":[{"href":"https:\/\/themagic.hu\/en\/wp-json\/wp\/v2\/posts\/2791","targetHints":{"allow":["GET"]}}],"collection":[{"href":"https:\/\/themagic.hu\/en\/wp-json\/wp\/v2\/posts"}],"about":[{"href":"https:\/\/themagic.hu\/en\/wp-json\/wp\/v2\/types\/post"}],"author":[{"embeddable":true,"href":"https:\/\/themagic.hu\/en\/wp-json\/wp\/v2\/users\/1"}],"replies":[{"embeddable":true,"href":"https:\/\/themagic.hu\/en\/wp-json\/wp\/v2\/comments?post=2791"}],"version-history":[{"count":10,"href":"https:\/\/themagic.hu\/en\/wp-json\/wp\/v2\/posts\/2791\/revisions"}],"predecessor-version":[{"id":2802,"href":"https:\/\/themagic.hu\/en\/wp-json\/wp\/v2\/posts\/2791\/revisions\/2802"}],"wp:featuredmedia":[{"embeddable":true,"href":"https:\/\/themagic.hu\/en\/wp-json\/wp\/v2\/media\/2792"}],"wp:attachment":[{"href":"https:\/\/themagic.hu\/en\/wp-json\/wp\/v2\/media?parent=2791"}],"wp:term":[{"taxonomy":"category","embeddable":true,"href":"https:\/\/themagic.hu\/en\/wp-json\/wp\/v2\/categories?post=2791"},{"taxonomy":"post_tag","embeddable":true,"href":"https:\/\/themagic.hu\/en\/wp-json\/wp\/v2\/tags?post=2791"}],"curies":[{"name":"wp","href":"https:\/\/api.w.org\/{rel}","templated":true}]}}