{"id":2720,"date":"2025-12-17T10:40:31","date_gmt":"2025-12-17T10:40:31","guid":{"rendered":"https:\/\/themagic.hu\/?p=2720"},"modified":"2025-12-17T10:43:40","modified_gmt":"2025-12-17T10:43:40","slug":"a-kave-vandorutja","status":"publish","type":"post","link":"https:\/\/themagic.hu\/en\/blog\/a-kave-vandorutja\/","title":{"rendered":"The coffee itinerary"},"content":{"rendered":"<div data-elementor-type=\"wp-post\" data-elementor-id=\"2720\" class=\"elementor elementor-2720\">\n\t\t\t\t<div class=\"elementor-element elementor-element-4b6065a e-flex e-con-boxed e-con e-parent\" data-id=\"4b6065a\" data-element_type=\"container\" data-e-type=\"container\">\n\t\t\t\t\t<div class=\"e-con-inner\">\n\t\t\t\t<div class=\"elementor-element elementor-element-a1d347a elementor-widget elementor-widget-text-editor\" data-id=\"a1d347a\" data-element_type=\"widget\" data-e-type=\"widget\" data-widget_type=\"text-editor.default\">\n\t\t\t\t<div class=\"elementor-widget-container\">\n\t\t\t\t\t\t\t\t\t<p>The coffee plant comes from an Ethiopian province, Kaffa. But do you know how the refreshing effects of coffee were discovered? Legend has it that a shepherd called Caldi noticed that when his goats grazed on red coffee berries, they became more lively. He immediately told the story to nearby monks, who discovered that roasting the seeds would make a tasty drink to keep them awake during night prayers.<\/p><p><br \/>There are around 120 known varieties of coffee, but only Arabica (Coffea arabica) and Robusta (Coffea canephora) are widely grown. The former has a milder flavour but can only grow in tropical areas above 900 metres, while robusta coffee is hardier, richer in caffeine and thrives at lower altitudes.<\/p>\t\t\t\t\t\t\t\t<\/div>\n\t\t\t\t<\/div>\n\t\t\t\t\t<\/div>\n\t\t\t\t<\/div>\n\t\t<div class=\"elementor-element elementor-element-291216f e-flex e-con-boxed e-con e-parent\" data-id=\"291216f\" data-element_type=\"container\" data-e-type=\"container\">\n\t\t\t\t\t<div class=\"e-con-inner\">\n\t\t\t\t<div class=\"elementor-element elementor-element-6ebf1a1 elementor-widget elementor-widget-heading\" data-id=\"6ebf1a1\" data-element_type=\"widget\" data-e-type=\"widget\" data-widget_type=\"heading.default\">\n\t\t\t\t<div class=\"elementor-widget-container\">\n\t\t\t\t\t<h2 class=\"elementor-heading-title elementor-size-default\">How is coffee made?<\/h2>\t\t\t\t<\/div>\n\t\t\t\t<\/div>\n\t\t\t\t\t<\/div>\n\t\t\t\t<\/div>\n\t\t<div class=\"elementor-element elementor-element-f3374d2 e-flex e-con-boxed e-con e-parent\" data-id=\"f3374d2\" data-element_type=\"container\" data-e-type=\"container\">\n\t\t\t\t\t<div class=\"e-con-inner\">\n\t\t\t\t<div class=\"elementor-element elementor-element-121a135 elementor-widget elementor-widget-text-editor\" data-id=\"121a135\" data-element_type=\"widget\" data-e-type=\"widget\" data-widget_type=\"text-editor.default\">\n\t\t\t\t<div class=\"elementor-widget-container\">\n\t\t\t\t\t\t\t\t\t<p>The red, ripe coffee berries (cherries) are picked by hand, then immediately washed and the pulp removed. The coffee beans are sorted in several stages, sorted, fermented in a water tank, washed again and dried in the sun to remove the thin skin that remains on the surface.<\/p><p>The aromas of coffee beans are developed through roasting, where moisture content, specific gravity, size, colour, and knowledge of processing and origin are all important factors. If the roasting process is faster, less aroma can develop in the beans, and the darker the roast, the less caffeine.<\/p>\t\t\t\t\t\t\t\t<\/div>\n\t\t\t\t<\/div>\n\t\t\t\t\t<\/div>\n\t\t\t\t<\/div>\n\t\t<div class=\"elementor-element elementor-element-2339d81 e-flex e-con-boxed e-con e-parent\" data-id=\"2339d81\" data-element_type=\"container\" data-e-type=\"container\">\n\t\t\t\t\t<div class=\"e-con-inner\">\n\t\t\t\t<div class=\"elementor-element elementor-element-2569ab6 elementor-widget elementor-widget-heading\" data-id=\"2569ab6\" data-element_type=\"widget\" data-e-type=\"widget\" data-widget_type=\"heading.default\">\n\t\t\t\t<div class=\"elementor-widget-container\">\n\t\t\t\t\t<h2 class=\"elementor-heading-title elementor-size-default\">Delicious coffees in a magical place<\/h2>\t\t\t\t<\/div>\n\t\t\t\t<\/div>\n\t\t\t\t\t<\/div>\n\t\t\t\t<\/div>\n\t\t<div class=\"elementor-element elementor-element-1d3bf17 e-flex e-con-boxed e-con e-parent\" data-id=\"1d3bf17\" data-element_type=\"container\" data-e-type=\"container\">\n\t\t\t\t\t<div class=\"e-con-inner\">\n\t\t\t\t<div class=\"elementor-element elementor-element-cd0b994 elementor-widget elementor-widget-text-editor\" data-id=\"cd0b994\" data-element_type=\"widget\" data-e-type=\"widget\" data-widget_type=\"text-editor.default\">\n\t\t\t\t<div class=\"elementor-widget-container\">\n\t\t\t\t\t\t\t\t\t<p>Wouldn't it be exciting to travel back in time and take a peek into the life of the first European caf\u00e9 in Venice in the early 1600s? Even if that's not possible, you too can get your (magic) fix in our magic caf\u00e9 after a delicious enchanted meal with fabulous aromas. With a sip of a mysteriously steaming Espresso, Americano, Cappuccino, Latte Macchiato and Melange, caramel, apple pie flavouring or an Iced Coffee, you'll be off to a dazzling fairytale world, flying on the wings of fantasy. Dear fans of the Wizarding World and Harry Potter, you are guaranteed an unforgettable experience amidst the stunning scenery.<\/p><p><strong>See for yourself with your own taste buds: a touch of magic and enchantment, for the brave adventurers in the <a href=\"\/en\/\">magic caf\u00e9<\/a> is included!<\/strong><\/p>\t\t\t\t\t\t\t\t<\/div>\n\t\t\t\t<\/div>\n\t\t\t\t\t<\/div>\n\t\t\t\t<\/div>\n\t\t\t\t<\/div>","protected":false},"excerpt":{"rendered":"<p>A k\u00e1v\u00e9cserje egy eti\u00f3p tartom\u00e1nyb\u00f3l, Kaff\u00e1b\u00f3l sz\u00e1rmazik. De tudj\u00e1tok, hogy fedezt\u00e9k fel a k\u00e1v\u00e9 friss\u00edt\u0151 hat\u00e1s\u00e1t? A legenda szerint egy K\u00e1ldi nev\u0171 p\u00e1sztor \u00e9szrevette, hogy ha a kecsk\u00e9i piros k\u00e1v\u00e9bogy\u00f3kat legel\u00e9sznek, sokkal \u00e9l\u00e9nkebbek lesznek. Azonnal el is mes\u00e9lte a k\u00f6zelben \u00e9l\u0151 szerzeteseknek, akik r\u00e1j\u00f6ttek arra, hogy ha a magokat megp\u00f6rk\u00f6lik, \u00edzletes italt k\u00e9sz\u00edthetnek, amivel \u00e9bren [&hellip;]<\/p>\n","protected":false},"author":1,"featured_media":2725,"comment_status":"closed","ping_status":"closed","sticky":false,"template":"","format":"standard","meta":{"site-sidebar-layout":"default","site-content-layout":"","ast-site-content-layout":"default","site-content-style":"default","site-sidebar-style":"default","ast-global-header-display":"","ast-banner-title-visibility":"","ast-main-header-display":"","ast-hfb-above-header-display":"","ast-hfb-below-header-display":"","ast-hfb-mobile-header-display":"","site-post-title":"","ast-breadcrumbs-content":"","ast-featured-img":"","footer-sml-layout":"","ast-disable-related-posts":"","theme-transparent-header-meta":"","adv-header-id-meta":"","stick-header-meta":"","header-above-stick-meta":"","header-main-stick-meta":"","header-below-stick-meta":"","astra-migrate-meta-layouts":"set","ast-page-background-enabled":"default","ast-page-background-meta":{"desktop":{"background-color":"","background-image":"","background-repeat":"repeat","background-position":"center center","background-size":"auto","background-attachment":"scroll","background-type":"","background-media":"","overlay-type":"","overlay-color":"","overlay-opacity":"","overlay-gradient":""},"tablet":{"background-color":"","background-image":"","background-repeat":"repeat","background-position":"center center","background-size":"auto","background-attachment":"scroll","background-type":"","background-media":"","overlay-type":"","overlay-color":"","overlay-opacity":"","overlay-gradient":""},"mobile":{"background-color":"","background-image":"","background-repeat":"repeat","background-position":"center center","background-size":"auto","background-attachment":"scroll","background-type":"","background-media":"","overlay-type":"","overlay-color":"","overlay-opacity":"","overlay-gradient":""}},"ast-content-background-meta":{"desktop":{"background-color":"var(--ast-global-color-5)","background-image":"","background-repeat":"repeat","background-position":"center center","background-size":"auto","background-attachment":"scroll","background-type":"","background-media":"","overlay-type":"","overlay-color":"","overlay-opacity":"","overlay-gradient":""},"tablet":{"background-color":"var(--ast-global-color-5)","background-image":"","background-repeat":"repeat","background-position":"center center","background-size":"auto","background-attachment":"scroll","background-type":"","background-media":"","overlay-type":"","overlay-color":"","overlay-opacity":"","overlay-gradient":""},"mobile":{"background-color":"var(--ast-global-color-5)","background-image":"","background-repeat":"repeat","background-position":"center center","background-size":"auto","background-attachment":"scroll","background-type":"","background-media":"","overlay-type":"","overlay-color":"","overlay-opacity":"","overlay-gradient":""}},"footnotes":""},"categories":[20],"tags":[],"class_list":["post-2720","post","type-post","status-publish","format-standard","has-post-thumbnail","hentry","category-blog"],"yoast_head":"<!-- This site is optimized with the Yoast SEO plugin v27.2 - https:\/\/yoast.com\/product\/yoast-seo-wordpress\/ -->\n<title>A k\u00e1v\u00e9 v\u00e1ndor\u00fatja - Themagic<\/title>\n<meta name=\"robots\" content=\"index, follow, max-snippet:-1, max-image-preview:large, max-video-preview:-1\" \/>\n<link rel=\"canonical\" href=\"https:\/\/themagic.hu\/en\/blog\/a-kave-vandorutja\/\" \/>\n<meta property=\"og:locale\" content=\"en_GB\" \/>\n<meta property=\"og:type\" content=\"article\" \/>\n<meta property=\"og:title\" content=\"A k\u00e1v\u00e9 v\u00e1ndor\u00fatja - Themagic\" \/>\n<meta property=\"og:description\" content=\"A k\u00e1v\u00e9cserje egy eti\u00f3p tartom\u00e1nyb\u00f3l, Kaff\u00e1b\u00f3l sz\u00e1rmazik. De tudj\u00e1tok, hogy fedezt\u00e9k fel a k\u00e1v\u00e9 friss\u00edt\u0151 hat\u00e1s\u00e1t? A legenda szerint egy K\u00e1ldi nev\u0171 p\u00e1sztor \u00e9szrevette, hogy ha a kecsk\u00e9i piros k\u00e1v\u00e9bogy\u00f3kat legel\u00e9sznek, sokkal \u00e9l\u00e9nkebbek lesznek. Azonnal el is mes\u00e9lte a k\u00f6zelben \u00e9l\u0151 szerzeteseknek, akik r\u00e1j\u00f6ttek arra, hogy ha a magokat megp\u00f6rk\u00f6lik, \u00edzletes italt k\u00e9sz\u00edthetnek, amivel \u00e9bren [&hellip;]\" \/>\n<meta property=\"og:url\" content=\"https:\/\/themagic.hu\/en\/blog\/a-kave-vandorutja\/\" \/>\n<meta property=\"og:site_name\" content=\"Themagic\" \/>\n<meta property=\"article:published_time\" content=\"2025-12-17T10:40:31+00:00\" \/>\n<meta property=\"article:modified_time\" content=\"2025-12-17T10:43:40+00:00\" \/>\n<meta property=\"og:image\" content=\"https:\/\/themagic.hu\/wp-content\/uploads\/2025\/12\/a-kave-vandorutja.jpg\" \/>\n\t<meta property=\"og:image:width\" content=\"1200\" \/>\n\t<meta property=\"og:image:height\" content=\"800\" \/>\n\t<meta property=\"og:image:type\" content=\"image\/jpeg\" \/>\n<meta name=\"author\" content=\"admin\" \/>\n<meta name=\"twitter:card\" content=\"summary_large_image\" \/>\n<meta name=\"twitter:label1\" content=\"Written by\" \/>\n\t<meta name=\"twitter:data1\" content=\"admin\" \/>\n\t<meta name=\"twitter:label2\" content=\"Est. reading time\" \/>\n\t<meta name=\"twitter:data2\" content=\"3 minutes\" \/>\n<script type=\"application\/ld+json\" class=\"yoast-schema-graph\">{\"@context\":\"https:\/\/schema.org\",\"@graph\":[{\"@type\":\"Article\",\"@id\":\"https:\/\/themagic.hu\/blog\/a-kave-vandorutja\/#article\",\"isPartOf\":{\"@id\":\"https:\/\/themagic.hu\/blog\/a-kave-vandorutja\/\"},\"author\":{\"name\":\"admin\",\"@id\":\"https:\/\/themagic.hu\/en\/#\/schema\/person\/c8462d5f83f68cd92425efad3fe68022\"},\"headline\":\"A k\u00e1v\u00e9 v\u00e1ndor\u00fatja\",\"datePublished\":\"2025-12-17T10:40:31+00:00\",\"dateModified\":\"2025-12-17T10:43:40+00:00\",\"mainEntityOfPage\":{\"@id\":\"https:\/\/themagic.hu\/blog\/a-kave-vandorutja\/\"},\"wordCount\":516,\"publisher\":{\"@id\":\"https:\/\/themagic.hu\/en\/#organization\"},\"image\":{\"@id\":\"https:\/\/themagic.hu\/blog\/a-kave-vandorutja\/#primaryimage\"},\"thumbnailUrl\":\"https:\/\/themagic.hu\/wp-content\/uploads\/2025\/12\/a-kave-vandorutja.jpg\",\"articleSection\":[\"blog\"],\"inLanguage\":\"en-GB\"},{\"@type\":\"WebPage\",\"@id\":\"https:\/\/themagic.hu\/blog\/a-kave-vandorutja\/\",\"url\":\"https:\/\/themagic.hu\/blog\/a-kave-vandorutja\/\",\"name\":\"A k\u00e1v\u00e9 v\u00e1ndor\u00fatja - Themagic\",\"isPartOf\":{\"@id\":\"https:\/\/themagic.hu\/en\/#website\"},\"primaryImageOfPage\":{\"@id\":\"https:\/\/themagic.hu\/blog\/a-kave-vandorutja\/#primaryimage\"},\"image\":{\"@id\":\"https:\/\/themagic.hu\/blog\/a-kave-vandorutja\/#primaryimage\"},\"thumbnailUrl\":\"https:\/\/themagic.hu\/wp-content\/uploads\/2025\/12\/a-kave-vandorutja.jpg\",\"datePublished\":\"2025-12-17T10:40:31+00:00\",\"dateModified\":\"2025-12-17T10:43:40+00:00\",\"breadcrumb\":{\"@id\":\"https:\/\/themagic.hu\/blog\/a-kave-vandorutja\/#breadcrumb\"},\"inLanguage\":\"en-GB\",\"potentialAction\":[{\"@type\":\"ReadAction\",\"target\":[\"https:\/\/themagic.hu\/blog\/a-kave-vandorutja\/\"]}]},{\"@type\":\"ImageObject\",\"inLanguage\":\"en-GB\",\"@id\":\"https:\/\/themagic.hu\/blog\/a-kave-vandorutja\/#primaryimage\",\"url\":\"https:\/\/themagic.hu\/wp-content\/uploads\/2025\/12\/a-kave-vandorutja.jpg\",\"contentUrl\":\"https:\/\/themagic.hu\/wp-content\/uploads\/2025\/12\/a-kave-vandorutja.jpg\",\"width\":1200,\"height\":800,\"caption\":\"A k\u00e1v\u00e9 v\u00e1ndor\u00fatja\"},{\"@type\":\"BreadcrumbList\",\"@id\":\"https:\/\/themagic.hu\/blog\/a-kave-vandorutja\/#breadcrumb\",\"itemListElement\":[{\"@type\":\"ListItem\",\"position\":1,\"name\":\"Kezd\u0151lap\",\"item\":\"https:\/\/themagic.hu\/\"},{\"@type\":\"ListItem\",\"position\":2,\"name\":\"A k\u00e1v\u00e9 v\u00e1ndor\u00fatja\"}]},{\"@type\":\"WebSite\",\"@id\":\"https:\/\/themagic.hu\/en\/#website\",\"url\":\"https:\/\/themagic.hu\/en\/\",\"name\":\"Themagic\",\"description\":\"\",\"publisher\":{\"@id\":\"https:\/\/themagic.hu\/en\/#organization\"},\"potentialAction\":[{\"@type\":\"SearchAction\",\"target\":{\"@type\":\"EntryPoint\",\"urlTemplate\":\"https:\/\/themagic.hu\/en\/?s={search_term_string}\"},\"query-input\":{\"@type\":\"PropertyValueSpecification\",\"valueRequired\":true,\"valueName\":\"search_term_string\"}}],\"inLanguage\":\"en-GB\"},{\"@type\":\"Organization\",\"@id\":\"https:\/\/themagic.hu\/en\/#organization\",\"name\":\"Themagic\",\"url\":\"https:\/\/themagic.hu\/en\/\",\"logo\":{\"@type\":\"ImageObject\",\"inLanguage\":\"en-GB\",\"@id\":\"https:\/\/themagic.hu\/en\/#\/schema\/logo\/image\/\",\"url\":\"https:\/\/themagic.hu\/wp-content\/uploads\/2025\/12\/cropped-themagic_600x60.png\",\"contentUrl\":\"https:\/\/themagic.hu\/wp-content\/uploads\/2025\/12\/cropped-themagic_600x60.png\",\"width\":600,\"height\":60,\"caption\":\"Themagic\"},\"image\":{\"@id\":\"https:\/\/themagic.hu\/en\/#\/schema\/logo\/image\/\"}},{\"@type\":\"Person\",\"@id\":\"https:\/\/themagic.hu\/en\/#\/schema\/person\/c8462d5f83f68cd92425efad3fe68022\",\"name\":\"admin\",\"image\":{\"@type\":\"ImageObject\",\"inLanguage\":\"en-GB\",\"@id\":\"https:\/\/secure.gravatar.com\/avatar\/e1d8b3d3089310f2853153de08f67f91601ce57edf0430216dc10e878b941b2d?s=96&d=mm&r=g\",\"url\":\"https:\/\/secure.gravatar.com\/avatar\/e1d8b3d3089310f2853153de08f67f91601ce57edf0430216dc10e878b941b2d?s=96&d=mm&r=g\",\"contentUrl\":\"https:\/\/secure.gravatar.com\/avatar\/e1d8b3d3089310f2853153de08f67f91601ce57edf0430216dc10e878b941b2d?s=96&d=mm&r=g\",\"caption\":\"admin\"},\"sameAs\":[\"https:\/\/themagic.hu\"],\"url\":\"https:\/\/themagic.hu\/en\/blog\/author\/admin\/\"}]}<\/script>\n<!-- \/ Yoast SEO plugin. -->","yoast_head_json":{"title":"The Journey of Coffee - Themagic","robots":{"index":"index","follow":"follow","max-snippet":"max-snippet:-1","max-image-preview":"max-image-preview:large","max-video-preview":"max-video-preview:-1"},"canonical":"https:\/\/themagic.hu\/en\/blog\/a-kave-vandorutja\/","og_locale":"en_GB","og_type":"article","og_title":"A k\u00e1v\u00e9 v\u00e1ndor\u00fatja - Themagic","og_description":"A k\u00e1v\u00e9cserje egy eti\u00f3p tartom\u00e1nyb\u00f3l, Kaff\u00e1b\u00f3l sz\u00e1rmazik. De tudj\u00e1tok, hogy fedezt\u00e9k fel a k\u00e1v\u00e9 friss\u00edt\u0151 hat\u00e1s\u00e1t? A legenda szerint egy K\u00e1ldi nev\u0171 p\u00e1sztor \u00e9szrevette, hogy ha a kecsk\u00e9i piros k\u00e1v\u00e9bogy\u00f3kat legel\u00e9sznek, sokkal \u00e9l\u00e9nkebbek lesznek. Azonnal el is mes\u00e9lte a k\u00f6zelben \u00e9l\u0151 szerzeteseknek, akik r\u00e1j\u00f6ttek arra, hogy ha a magokat megp\u00f6rk\u00f6lik, \u00edzletes italt k\u00e9sz\u00edthetnek, amivel \u00e9bren [&hellip;]","og_url":"https:\/\/themagic.hu\/en\/blog\/a-kave-vandorutja\/","og_site_name":"Themagic","article_published_time":"2025-12-17T10:40:31+00:00","article_modified_time":"2025-12-17T10:43:40+00:00","og_image":[{"width":1200,"height":800,"url":"https:\/\/themagic.hu\/wp-content\/uploads\/2025\/12\/a-kave-vandorutja.jpg","type":"image\/jpeg"}],"author":"admin","twitter_card":"summary_large_image","twitter_misc":{"Written by":"admin","Est. reading time":"3 minutes"},"schema":{"@context":"https:\/\/schema.org","@graph":[{"@type":"Article","@id":"https:\/\/themagic.hu\/blog\/a-kave-vandorutja\/#article","isPartOf":{"@id":"https:\/\/themagic.hu\/blog\/a-kave-vandorutja\/"},"author":{"name":"admin","@id":"https:\/\/themagic.hu\/en\/#\/schema\/person\/c8462d5f83f68cd92425efad3fe68022"},"headline":"A k\u00e1v\u00e9 v\u00e1ndor\u00fatja","datePublished":"2025-12-17T10:40:31+00:00","dateModified":"2025-12-17T10:43:40+00:00","mainEntityOfPage":{"@id":"https:\/\/themagic.hu\/blog\/a-kave-vandorutja\/"},"wordCount":516,"publisher":{"@id":"https:\/\/themagic.hu\/en\/#organization"},"image":{"@id":"https:\/\/themagic.hu\/blog\/a-kave-vandorutja\/#primaryimage"},"thumbnailUrl":"https:\/\/themagic.hu\/wp-content\/uploads\/2025\/12\/a-kave-vandorutja.jpg","articleSection":["blog"],"inLanguage":"en-GB"},{"@type":"WebPage","@id":"https:\/\/themagic.hu\/blog\/a-kave-vandorutja\/","url":"https:\/\/themagic.hu\/blog\/a-kave-vandorutja\/","name":"The Journey of Coffee - Themagic","isPartOf":{"@id":"https:\/\/themagic.hu\/en\/#website"},"primaryImageOfPage":{"@id":"https:\/\/themagic.hu\/blog\/a-kave-vandorutja\/#primaryimage"},"image":{"@id":"https:\/\/themagic.hu\/blog\/a-kave-vandorutja\/#primaryimage"},"thumbnailUrl":"https:\/\/themagic.hu\/wp-content\/uploads\/2025\/12\/a-kave-vandorutja.jpg","datePublished":"2025-12-17T10:40:31+00:00","dateModified":"2025-12-17T10:43:40+00:00","breadcrumb":{"@id":"https:\/\/themagic.hu\/blog\/a-kave-vandorutja\/#breadcrumb"},"inLanguage":"en-GB","potentialAction":[{"@type":"ReadAction","target":["https:\/\/themagic.hu\/blog\/a-kave-vandorutja\/"]}]},{"@type":"ImageObject","inLanguage":"en-GB","@id":"https:\/\/themagic.hu\/blog\/a-kave-vandorutja\/#primaryimage","url":"https:\/\/themagic.hu\/wp-content\/uploads\/2025\/12\/a-kave-vandorutja.jpg","contentUrl":"https:\/\/themagic.hu\/wp-content\/uploads\/2025\/12\/a-kave-vandorutja.jpg","width":1200,"height":800,"caption":"A k\u00e1v\u00e9 v\u00e1ndor\u00fatja"},{"@type":"BreadcrumbList","@id":"https:\/\/themagic.hu\/blog\/a-kave-vandorutja\/#breadcrumb","itemListElement":[{"@type":"ListItem","position":1,"name":"Kezd\u0151lap","item":"https:\/\/themagic.hu\/"},{"@type":"ListItem","position":2,"name":"A k\u00e1v\u00e9 v\u00e1ndor\u00fatja"}]},{"@type":"WebSite","@id":"https:\/\/themagic.hu\/en\/#website","url":"https:\/\/themagic.hu\/en\/","name":"Themagic","description":"","publisher":{"@id":"https:\/\/themagic.hu\/en\/#organization"},"potentialAction":[{"@type":"SearchAction","target":{"@type":"EntryPoint","urlTemplate":"https:\/\/themagic.hu\/en\/?s={search_term_string}"},"query-input":{"@type":"PropertyValueSpecification","valueRequired":true,"valueName":"search_term_string"}}],"inLanguage":"en-GB"},{"@type":"Organization","@id":"https:\/\/themagic.hu\/en\/#organization","name":"Themagic","url":"https:\/\/themagic.hu\/en\/","logo":{"@type":"ImageObject","inLanguage":"en-GB","@id":"https:\/\/themagic.hu\/en\/#\/schema\/logo\/image\/","url":"https:\/\/themagic.hu\/wp-content\/uploads\/2025\/12\/cropped-themagic_600x60.png","contentUrl":"https:\/\/themagic.hu\/wp-content\/uploads\/2025\/12\/cropped-themagic_600x60.png","width":600,"height":60,"caption":"Themagic"},"image":{"@id":"https:\/\/themagic.hu\/en\/#\/schema\/logo\/image\/"}},{"@type":"Person","@id":"https:\/\/themagic.hu\/en\/#\/schema\/person\/c8462d5f83f68cd92425efad3fe68022","name":"admin","image":{"@type":"ImageObject","inLanguage":"en-GB","@id":"https:\/\/secure.gravatar.com\/avatar\/e1d8b3d3089310f2853153de08f67f91601ce57edf0430216dc10e878b941b2d?s=96&d=mm&r=g","url":"https:\/\/secure.gravatar.com\/avatar\/e1d8b3d3089310f2853153de08f67f91601ce57edf0430216dc10e878b941b2d?s=96&d=mm&r=g","contentUrl":"https:\/\/secure.gravatar.com\/avatar\/e1d8b3d3089310f2853153de08f67f91601ce57edf0430216dc10e878b941b2d?s=96&d=mm&r=g","caption":"admin"},"sameAs":["https:\/\/themagic.hu"],"url":"https:\/\/themagic.hu\/en\/blog\/author\/admin\/"}]}},"_links":{"self":[{"href":"https:\/\/themagic.hu\/en\/wp-json\/wp\/v2\/posts\/2720","targetHints":{"allow":["GET"]}}],"collection":[{"href":"https:\/\/themagic.hu\/en\/wp-json\/wp\/v2\/posts"}],"about":[{"href":"https:\/\/themagic.hu\/en\/wp-json\/wp\/v2\/types\/post"}],"author":[{"embeddable":true,"href":"https:\/\/themagic.hu\/en\/wp-json\/wp\/v2\/users\/1"}],"replies":[{"embeddable":true,"href":"https:\/\/themagic.hu\/en\/wp-json\/wp\/v2\/comments?post=2720"}],"version-history":[{"count":4,"href":"https:\/\/themagic.hu\/en\/wp-json\/wp\/v2\/posts\/2720\/revisions"}],"predecessor-version":[{"id":2724,"href":"https:\/\/themagic.hu\/en\/wp-json\/wp\/v2\/posts\/2720\/revisions\/2724"}],"wp:featuredmedia":[{"embeddable":true,"href":"https:\/\/themagic.hu\/en\/wp-json\/wp\/v2\/media\/2725"}],"wp:attachment":[{"href":"https:\/\/themagic.hu\/en\/wp-json\/wp\/v2\/media?parent=2720"}],"wp:term":[{"taxonomy":"category","embeddable":true,"href":"https:\/\/themagic.hu\/en\/wp-json\/wp\/v2\/categories?post=2720"},{"taxonomy":"post_tag","embeddable":true,"href":"https:\/\/themagic.hu\/en\/wp-json\/wp\/v2\/tags?post=2720"}],"curies":[{"name":"wp","href":"https:\/\/api.w.org\/{rel}","templated":true}]}}